{"id":8307,"date":"2024-08-01T09:50:55","date_gmt":"2024-08-01T09:50:55","guid":{"rendered":"http:\/\/unipungue.ac.mz\/?p=8307"},"modified":"2024-08-01T09:50:55","modified_gmt":"2024-08-01T09:50:55","slug":"vice-reitor-visita-extensao-da-universidade-pungue-em-tete","status":"publish","type":"post","link":"https:\/\/unipungue.ac.mz\/?p=8307","title":{"rendered":"VICE-REITOR VISITA EXTENS\u00c3O DA UNIVERSIDADE P\u00daNGU\u00c8 EM TETE"},"content":{"rendered":"<style type=\"text\/css\"> \n#cmsmasters_row_69ec83ac10a2f9_18342991 .cmsmasters_row_outer_parent { \n\tpadding-top: 0px; \n} \n\n#cmsmasters_row_69ec83ac10a2f9_18342991 .cmsmasters_row_outer_parent { \n\tpadding-bottom: 50px; \n} \n\n<\/style><div id=\"cmsmasters_row_69ec83ac10a2f9_18342991\" class=\"cmsmasters_row cmsmasters_color_scheme_default cmsmasters_row_top_default cmsmasters_row_bot_default cmsmasters_row_boxed\">\n<div class=\"cmsmasters_row_outer_parent\">\n<div class=\"cmsmasters_row_outer\">\n<div class=\"cmsmasters_row_inner\">\n<div class=\"cmsmasters_row_margin\">\n<div class=\"cmsmasters_column one_first\">\n<div class=\"cmsmasters_text\">\n<p>O Vice-Reitor da Universidade P\u00fangu\u00e8, Prof. Doutor Pedro Madeira Guiliche, realizou uma visita oficial \u00e0 Extens\u00e3o de Tete nos dias 22 e 23 de Julho. A visita incluiu encontros com directores das diferentes Unidades Org\u00e1nicas e uma inspec\u00e7\u00e3o \u00e0s obras do novo campus.<\/p>\n<p>Durante a visita, Sua Excel\u00eancia foi recebido pela Directora da Extens\u00e3o, Prof\u00aa. Dr\u00aa. Madalena Bive, e pelos directores do Centro de Pesquisa, da Faculdade de Geoci\u00eancias e Ambiente, e da Direc\u00e7\u00e3o de TICs. O Vice-Reitor tamb\u00e9m se reuniu com os chefes de departamentos e reparti\u00e7\u00f5es das \u00e1reas administrativas.<\/p>\n<p>O Director de TICs, Eng. M\u00e1rcio Chin, apresentou os m\u00e9todos de divulga\u00e7\u00e3o das imagens da UniP\u00fangu\u00e8 na plataforma digital, al\u00e9m de revelar a nova imagem da p\u00e1gina web da universidade.<\/p>\n<p>Al\u00e9m dos encontros administrativos, o Vice-Reitor reuniu-se com os empreiteiros DELTA e FIGO, bem como com o fiscal ISO. Ap\u00f3s a reuni\u00e3o, ele visitou as obras do Campus de M\u2019Padu\u00e9 para verificar o progresso do projecto.<\/p>\n<\/div>\n<\/div>\n<\/div>\n<\/div>\n<\/div>\n<\/div>\n<\/div>\n\n","protected":false},"excerpt":{"rendered":"","protected":false},"author":1,"featured_media":0,"comment_status":"open","ping_status":"open","sticky":false,"template":"","format":"gallery","meta":{"footnotes":""},"categories":[48],"tags":[],"class_list":["post-8307","post","type-post","status-publish","format-gallery","hentry","category-noticias","post_format-post-format-gallery"],"_links":{"self":[{"href":"https:\/\/unipungue.ac.mz\/index.php?rest_route=\/wp\/v2\/posts\/8307","targetHints":{"allow":["GET"]}}],"collection":[{"href":"https:\/\/unipungue.ac.mz\/index.php?rest_route=\/wp\/v2\/posts"}],"about":[{"href":"https:\/\/unipungue.ac.mz\/index.php?rest_route=\/wp\/v2\/types\/post"}],"author":[{"embeddable":true,"href":"https:\/\/unipungue.ac.mz\/index.php?rest_route=\/wp\/v2\/users\/1"}],"replies":[{"embeddable":true,"href":"https:\/\/unipungue.ac.mz\/index.php?rest_route=%2Fwp%2Fv2%2Fcomments&post=8307"}],"version-history":[{"count":2,"href":"https:\/\/unipungue.ac.mz\/index.php?rest_route=\/wp\/v2\/posts\/8307\/revisions"}],"predecessor-version":[{"id":8315,"href":"https:\/\/unipungue.ac.mz\/index.php?rest_route=\/wp\/v2\/posts\/8307\/revisions\/8315"}],"wp:attachment":[{"href":"https:\/\/unipungue.ac.mz\/index.php?rest_route=%2Fwp%2Fv2%2Fmedia&parent=8307"}],"wp:term":[{"taxonomy":"category","embeddable":true,"href":"https:\/\/unipungue.ac.mz\/index.php?rest_route=%2Fwp%2Fv2%2Fcategories&post=8307"},{"taxonomy":"post_tag","embeddable":true,"href":"https:\/\/unipungue.ac.mz\/index.php?rest_route=%2Fwp%2Fv2%2Ftags&post=8307"}],"curies":[{"name":"wp","href":"https:\/\/api.w.org\/{rel}","templated":true}]}}