{"id":8384,"date":"2024-08-22T09:25:44","date_gmt":"2024-08-22T09:25:44","guid":{"rendered":"https:\/\/unipungue.ac.mz\/?p=8384"},"modified":"2024-08-22T09:25:44","modified_gmt":"2024-08-22T09:25:44","slug":"unipungue-e-sociedade-do-noticias-firmam-parceria-para-estagios-e-capacitacao-profissional","status":"publish","type":"post","link":"https:\/\/unipungue.ac.mz\/?p=8384","title":{"rendered":"UNIP\u00daNGU\u00c8 E SOCIEDADE DO NOT\u00cdCIAS FIRMAM PARCERIA PARA EST\u00c1GIOS E CAPACITA\u00c7\u00c3O PROFISSIONAL"},"content":{"rendered":"<style type=\"text\/css\"> \n#cmsmasters_row_69ec81a4111278_94060429 .cmsmasters_row_outer_parent { \n\tpadding-top: 0px; \n} \n\n#cmsmasters_row_69ec81a4111278_94060429 .cmsmasters_row_outer_parent { \n\tpadding-bottom: 50px; \n} \n\n<\/style><div id=\"cmsmasters_row_69ec81a4111278_94060429\" class=\"cmsmasters_row cmsmasters_color_scheme_default cmsmasters_row_top_default cmsmasters_row_bot_default cmsmasters_row_boxed\">\n<div class=\"cmsmasters_row_outer_parent\">\n<div class=\"cmsmasters_row_outer\">\n<div class=\"cmsmasters_row_inner\">\n<div class=\"cmsmasters_row_margin\">\n<div class=\"cmsmasters_column one_first\">\n<div class=\"cmsmasters_text\">\n<div class=\"x11i5rnm xat24cr x1mh8g0r x1vvkbs xtlvy1s x126k92a\">\n<div dir=\"auto\">\n<div class=\"x11i5rnm xat24cr x1mh8g0r x1vvkbs xtlvy1s x126k92a\">\n<div dir=\"auto\">Em um marco significativo para o fortalecimento da coopera\u00e7\u00e3o entre academia e ind\u00fastria, a Universidade P\u00fangu\u00e8, representada pela Magn\u00edfica Reitora, Professora Catedr\u00e1tica Em\u00edlia Nhalevilo e a Sociedade do Not\u00edcias, pelo PCA, J\u00falio Manjate, assinaram no dia 14 de Agosto, um memorando de entendimento, visando promover a colabora\u00e7\u00e3o em \u00e1reas de est\u00e1gios profissionais, capacita\u00e7\u00e3o e desenvolvimento de projectos.<\/div>\n<\/div>\n<div class=\"x11i5rnm xat24cr x1mh8g0r x1vvkbs xtlvy1s x126k92a\">\n<div dir=\"auto\">No \u00e2mbito deste memorando, a Sociedade do Not\u00edcias compromete-se a criar oportunidades para est\u00e1gios destinados a estudantes da UniP\u00fangu\u00e8, com foco em cursos de Letras e outras \u00e1reas de Engenharia e Inform\u00e1tica. Al\u00e9m disso, abre tamb\u00e9m espa\u00e7o para est\u00e1gios em Comunica\u00e7\u00e3o Institucional voltados ao pessoal t\u00e9cnico-administrativo da universidade, refor\u00e7ando a conex\u00e3o entre a pr\u00e1tica profissional e o desenvolvimento acad\u00e9mico.<\/div>\n<\/div>\n<div class=\"x11i5rnm xat24cr x1mh8g0r x1vvkbs xtlvy1s x126k92a\">\n<div dir=\"auto\">Por outro lado, a Universidade P\u00fangu\u00e8 prop\u00f5e-se a facilitar a forma\u00e7\u00e3o dos quadros da Sociedade do Not\u00edcias em programas de gradua\u00e7\u00e3o e p\u00f3s-gradua\u00e7\u00e3o, e a desenvolver actividades de extens\u00e3o que contribuam para o enriquecimento de conte\u00fado informativo da empresa. A colabora\u00e7\u00e3o tamb\u00e9m prev\u00ea a realiza\u00e7\u00e3o de pesquisas conjuntas, com o objectivo de gerar solu\u00e7\u00f5es inovadoras e publica\u00e7\u00f5es cient\u00edficas de interesse social.<\/div>\n<\/div>\n<div class=\"x11i5rnm xat24cr x1mh8g0r x1vvkbs xtlvy1s x126k92a\">\n<div dir=\"auto\">Ap\u00f3s a assinatura do memorando, J\u00falio Manjate proferiu uma palestra intitulada \u201cComunica\u00e7\u00e3o e Cidadania em Tempo de Fake News\u201d. O evento reuniu estudantes, docentes, e membros da comunidade universit\u00e1ria, al\u00e9m de convidados especiais como o Delegado da Escola Superior de Jornalismo em Manica e o Procurador-Chefe Provincial de Manica. A palestra abordou a import\u00e2ncia da an\u00e1lise cr\u00edtica da informa\u00e7\u00e3o e a responsabilidade dos comunicadores em tempos de desinforma\u00e7\u00e3o, destacando o papel das universidades na promo\u00e7\u00e3o de uma cidadania informada desde a base escolar.<\/div>\n<\/div>\n<\/div>\n<\/div>\n<\/div>\n<\/div>\n<\/div>\n<\/div>\n<\/div>\n<\/div>\n<\/div>\n\n","protected":false},"excerpt":{"rendered":"","protected":false},"author":1,"featured_media":0,"comment_status":"open","ping_status":"open","sticky":false,"template":"","format":"gallery","meta":{"footnotes":""},"categories":[48],"tags":[],"class_list":["post-8384","post","type-post","status-publish","format-gallery","hentry","category-noticias","post_format-post-format-gallery"],"_links":{"self":[{"href":"https:\/\/unipungue.ac.mz\/index.php?rest_route=\/wp\/v2\/posts\/8384","targetHints":{"allow":["GET"]}}],"collection":[{"href":"https:\/\/unipungue.ac.mz\/index.php?rest_route=\/wp\/v2\/posts"}],"about":[{"href":"https:\/\/unipungue.ac.mz\/index.php?rest_route=\/wp\/v2\/types\/post"}],"author":[{"embeddable":true,"href":"https:\/\/unipungue.ac.mz\/index.php?rest_route=\/wp\/v2\/users\/1"}],"replies":[{"embeddable":true,"href":"https:\/\/unipungue.ac.mz\/index.php?rest_route=%2Fwp%2Fv2%2Fcomments&post=8384"}],"version-history":[{"count":1,"href":"https:\/\/unipungue.ac.mz\/index.php?rest_route=\/wp\/v2\/posts\/8384\/revisions"}],"predecessor-version":[{"id":8390,"href":"https:\/\/unipungue.ac.mz\/index.php?rest_route=\/wp\/v2\/posts\/8384\/revisions\/8390"}],"wp:attachment":[{"href":"https:\/\/unipungue.ac.mz\/index.php?rest_route=%2Fwp%2Fv2%2Fmedia&parent=8384"}],"wp:term":[{"taxonomy":"category","embeddable":true,"href":"https:\/\/unipungue.ac.mz\/index.php?rest_route=%2Fwp%2Fv2%2Fcategories&post=8384"},{"taxonomy":"post_tag","embeddable":true,"href":"https:\/\/unipungue.ac.mz\/index.php?rest_route=%2Fwp%2Fv2%2Ftags&post=8384"}],"curies":[{"name":"wp","href":"https:\/\/api.w.org\/{rel}","templated":true}]}}