{"id":8616,"date":"2024-12-16T09:10:07","date_gmt":"2024-12-16T09:10:07","guid":{"rendered":"https:\/\/unipungue.ac.mz\/?p=8616"},"modified":"2024-12-16T09:10:07","modified_gmt":"2024-12-16T09:10:07","slug":"universidade-pungue-promove-1a-conferencia-nacional-sobre-inovacao-transferencia-de-tecnologia-e-propriedade-intelectual","status":"publish","type":"post","link":"https:\/\/unipungue.ac.mz\/?p=8616","title":{"rendered":"UNIVERSIDADE P\u00daNGU\u00c8 PROMOVE 1\u00aa CONFER\u00caNCIA NACIONAL SOBRE INOVA\u00c7\u00c3O, TRANSFER\u00caNCIA DE TECNOLOGIA E PROPRIEDADE INTELECTUAL"},"content":{"rendered":"<style type=\"text\/css\"> \n#cmsmasters_row_69f47a01430ef5_66923907 .cmsmasters_row_outer_parent { \n\tpadding-top: 0px; \n} \n\n#cmsmasters_row_69f47a01430ef5_66923907 .cmsmasters_row_outer_parent { \n\tpadding-bottom: 50px; \n} \n\n<\/style><div id=\"cmsmasters_row_69f47a01430ef5_66923907\" class=\"cmsmasters_row cmsmasters_color_scheme_default cmsmasters_row_top_default cmsmasters_row_bot_default cmsmasters_row_boxed\">\n<div class=\"cmsmasters_row_outer_parent\">\n<div class=\"cmsmasters_row_outer\">\n<div class=\"cmsmasters_row_inner\">\n<div class=\"cmsmasters_row_margin\">\n<div class=\"cmsmasters_column one_first\">\n<div class=\"cmsmasters_text\">\n<div class=\"x11i5rnm xat24cr x1mh8g0r x1vvkbs xtlvy1s x126k92a\">\n<div dir=\"auto\">\n<div class=\"x11i5rnm xat24cr x1mh8g0r x1vvkbs xtlvy1s x126k92a\">\n<div dir=\"auto\">\n<div class=\"x11i5rnm xat24cr x1mh8g0r x1vvkbs xtlvy1s x126k92a\">\n<div dir=\"auto\">\n<div class=\"x11i5rnm xat24cr x1mh8g0r x1vvkbs xtlvy1s x126k92a\">\n<div dir=\"auto\">\n<div class=\"x11i5rnm xat24cr x1mh8g0r x1vvkbs xtlvy1s x126k92a\">\n<div dir=\"auto\">A Universidade P\u00fangu\u00e8, atrav\u00e9s da sua \u00e1rea de extens\u00e3o em Tete, organizou, nos dias 5 e 6 de Dezembro, a 1\u00aa Confer\u00eancia Nacional sobre Inova\u00e7\u00e3o, Transfer\u00eancia de Tecnologia e Propriedade Intelectual. O evento, de car\u00e1cter nacional, reuniu acad\u00e9micos, estudantes e figuras de destaque da prov\u00edncia de Tete, promovendo debates sobre temas cruciais para o desenvolvimento cient\u00edfico e tecnol\u00f3gico do pa\u00eds.<br \/>\nA sess\u00e3o de abertura foi conduzida pela Prof\u00aa. Doutora Madalena Bive, directora da Extens\u00e3o, que destacou a relev\u00e2ncia de um evento dessa magnitude. \u201c\u00c9 uma grande alegria realizar uma confer\u00eancia nacional que contribua para fortalecer a vertente do saber e do saber fazer em nossa universidade\u201d, afirmou.<br \/>\nA coordenadora do projecto, Prof\u00aa Doutora Lubacha Zilh\u00e3o, apresentou os principais objectivos da iniciativa, incluindo o desenvolvimento de pol\u00edticas para incentivar a inova\u00e7\u00e3o institucional e a realiza\u00e7\u00e3o de forma\u00e7\u00f5es espec\u00edficas sobre protec\u00e7\u00e3o da propriedade intelectual e transfer\u00eancia de tecnologia.<br \/>\nO ponto alto do evento foi a interven\u00e7\u00e3o do Prof. Doutor Fernando dos Santos, orador principal, que abordou o baixo \u00edndice de convers\u00e3o de inova\u00e7\u00f5es acad\u00e9micas em solu\u00e7\u00f5es pr\u00e1ticas para a comunidade. \u201c\u00c9 essencial criar condi\u00e7\u00f5es para que os inovadores se apropriem e d\u00eaem continuidade \u00e0s suas cria\u00e7\u00f5es\u201d, pontuou.<br \/>\nA confer\u00eancia foi realizada com o apoio do Centro Internacional de Fisiologia e Ecologia dos Insectos (ICIPE), sediado em Nairobi, e do Banco Mundial.<br \/>\nO evento refor\u00e7a o compromisso da Universidade P\u00fangu\u00e8 em liderar iniciativas voltadas para o avan\u00e7o tecnol\u00f3gico e o fortalecimento da propriedade intelectual no contexto acad\u00e9mico e comunit\u00e1rio.<\/div>\n<\/div>\n<div class=\"x11i5rnm xat24cr x1mh8g0r x1vvkbs xtlvy1s x126k92a\">\n<div dir=\"auto\">\n<div class=\"x11i5rnm xat24cr x1mh8g0r x1vvkbs xtlvy1s x126k92a\">\n<div dir=\"auto\"><\/div>\n<\/div>\n<div class=\"x11i5rnm xat24cr x1mh8g0r x1vvkbs xtlvy1s x126k92a\">\n<div dir=\"auto\">Por: Gabinete de Comunica\u00e7\u00e3o e Coopera\u00e7\u00e3o<\/div>\n<\/div>\n<\/div>\n<\/div>\n<\/div>\n<\/div>\n<\/div>\n<\/div>\n<\/div>\n<\/div>\n<\/div>\n<\/div>\n<\/div>\n<\/div>\n<\/div>\n<\/div>\n<\/div>\n<\/div>\n<\/div>\n\n","protected":false},"excerpt":{"rendered":"","protected":false},"author":1,"featured_media":8617,"comment_status":"open","ping_status":"open","sticky":false,"template":"","format":"gallery","meta":{"footnotes":""},"categories":[48],"tags":[],"class_list":["post-8616","post","type-post","status-publish","format-gallery","has-post-thumbnail","hentry","category-noticias","post_format-post-format-gallery"],"_links":{"self":[{"href":"https:\/\/unipungue.ac.mz\/index.php?rest_route=\/wp\/v2\/posts\/8616","targetHints":{"allow":["GET"]}}],"collection":[{"href":"https:\/\/unipungue.ac.mz\/index.php?rest_route=\/wp\/v2\/posts"}],"about":[{"href":"https:\/\/unipungue.ac.mz\/index.php?rest_route=\/wp\/v2\/types\/post"}],"author":[{"embeddable":true,"href":"https:\/\/unipungue.ac.mz\/index.php?rest_route=\/wp\/v2\/users\/1"}],"replies":[{"embeddable":true,"href":"https:\/\/unipungue.ac.mz\/index.php?rest_route=%2Fwp%2Fv2%2Fcomments&post=8616"}],"version-history":[{"count":1,"href":"https:\/\/unipungue.ac.mz\/index.php?rest_route=\/wp\/v2\/posts\/8616\/revisions"}],"predecessor-version":[{"id":8625,"href":"https:\/\/unipungue.ac.mz\/index.php?rest_route=\/wp\/v2\/posts\/8616\/revisions\/8625"}],"wp:featuredmedia":[{"embeddable":true,"href":"https:\/\/unipungue.ac.mz\/index.php?rest_route=\/wp\/v2\/media\/8617"}],"wp:attachment":[{"href":"https:\/\/unipungue.ac.mz\/index.php?rest_route=%2Fwp%2Fv2%2Fmedia&parent=8616"}],"wp:term":[{"taxonomy":"category","embeddable":true,"href":"https:\/\/unipungue.ac.mz\/index.php?rest_route=%2Fwp%2Fv2%2Fcategories&post=8616"},{"taxonomy":"post_tag","embeddable":true,"href":"https:\/\/unipungue.ac.mz\/index.php?rest_route=%2Fwp%2Fv2%2Ftags&post=8616"}],"curies":[{"name":"wp","href":"https:\/\/api.w.org\/{rel}","templated":true}]}}